{"id":66099,"date":"2021-10-27T13:20:00","date_gmt":"2021-10-27T16:20:00","guid":{"rendered":"https:\/\/vulcanet.com.br\/empresa-digital\/?p=66099"},"modified":"2021-12-15T15:18:00","modified_gmt":"2021-12-15T18:18:00","slug":"televendas-facil-organizou-comunicacao-entre-saloes-de-beleza-e-trouxe-maior-eficiencia-a-gestao","status":"publish","type":"post","link":"https:\/\/vulcanet.com.br\/empresa-digital\/gestao-empresarial\/plataformas-de-comunicacao-e-atendimento\/televendas-facil-organizou-comunicacao-entre-saloes-de-beleza-e-trouxe-maior-eficiencia-a-gestao\/","title":{"rendered":"Televendas F\u00e1cil organizou comunica\u00e7\u00e3o entre sal\u00f5es de beleza e trouxe maior efici\u00eancia \u00e0 gest\u00e3o"},"content":{"rendered":"\n<figure class=\"wp-block-image size-large is-style-default\"><a href=\"https:\/\/vulcanet.com.br\/empresa-digital\/contato\/conversa-com-um-especialista\/consultoria-gratuita-para-saloes-de-beleza\/\"><img fetchpriority=\"high\" decoding=\"async\" width=\"1024\" height=\"683\" src=\"https:\/\/vulcanet.com.br\/empresa-digital\/wp-content\/uploads\/2021\/12\/Televendas-Facil-organizou-comunicacao-entre-saloes-de-beleza-e-trouxe-maior-eficiencia-a-gestao-1-1024x683.jpg\" alt=\"\" class=\"wp-image-68620\" srcset=\"https:\/\/vulcanet.com.br\/empresa-digital\/wp-content\/uploads\/2021\/12\/Televendas-Facil-organizou-comunicacao-entre-saloes-de-beleza-e-trouxe-maior-eficiencia-a-gestao-1-1024x683.jpg 1024w, https:\/\/vulcanet.com.br\/empresa-digital\/wp-content\/uploads\/2021\/12\/Televendas-Facil-organizou-comunicacao-entre-saloes-de-beleza-e-trouxe-maior-eficiencia-a-gestao-1-300x200.jpg 300w, https:\/\/vulcanet.com.br\/empresa-digital\/wp-content\/uploads\/2021\/12\/Televendas-Facil-organizou-comunicacao-entre-saloes-de-beleza-e-trouxe-maior-eficiencia-a-gestao-1-768x512.jpg 768w, https:\/\/vulcanet.com.br\/empresa-digital\/wp-content\/uploads\/2021\/12\/Televendas-Facil-organizou-comunicacao-entre-saloes-de-beleza-e-trouxe-maior-eficiencia-a-gestao-1.jpg 1200w\" sizes=\"(max-width: 1024px) 100vw, 1024px\" \/><\/a><\/figure>\n\n\n\n<p><strong><span style=\"color:#f48530\" class=\"has-inline-color\"><span style=\"text-decoration: underline;\">Se preferir, ou\u00e7a o case de sucesso do Televendas F\u00e1cil em sal\u00f5es de beleza<\/span><\/span><\/strong><\/p>\n\n\n\n<figure class=\"wp-block-audio\"><audio controls src=\"https:\/\/vulcanet.com.br\/empresa-digital\/wp-content\/uploads\/2021\/10\/Televendas-Facil-organizou-comunicacao-entre-saloes-de-beleza-e-trouxe-maior-eficiencia-a-gestao.mp3\"><\/audio><\/figure>\n\n\n\n<p>\u00c9 muito importante entender que o <strong>Televendas F\u00e1cil<\/strong> n\u00e3o precisa ser usado apenas em call center ou televendas. Ele \u00e9 uma ferramenta capaz de ajudar em diferentes segmentos. Uma das clientes do produto mostra isso, pois precisou de uma <strong>plataforma<\/strong> <strong>de<\/strong> <strong>comunica\u00e7\u00e3o<\/strong> para fazer a <strong>gest\u00e3o<\/strong> em seu neg\u00f3cio.<\/p>\n\n\n\n<p>Marina era dona de um sal\u00e3o de beleza. Portanto, tudo voltado para o cabelo, unhas e est\u00e9tica. Junto de alguns poucos colaboradores, ela viu o empreendimento crescer. Desse modo, aproveitou para expandir recursos. Novas redes abriram, tanto em sua cidade quanto em munic\u00edpios vizinhos. <\/p>\n\n\n\n<p>Precisou ent\u00e3o ter um bom atendimento ao cliente, melhorar a comunica\u00e7\u00e3o com os colaboradores e falar com os respons\u00e1veis pelos outros sal\u00f5es. Assim, ter isso por meio de uma boa <strong>gest\u00e3o<\/strong>. A alternativa encontrada, desse modo, foi <a href=\"https:\/\/televendasfacil.com.br\/?utm_source=blog&amp;utm_medium=referral&amp;utm_campaign=gestao-empresarial&amp;utm_term=plataformas-de-comunicacao-e-atendimento&amp;utm_content=cta-texto\" target=\"_blank\" rel=\"noopener\">apostar no <strong>Televendas F\u00e1cil<\/strong>. Os resultados foram imediatos<\/a>!<\/p>\n\n\n\n<p>A verdade \u00e9 que os <strong>sal\u00f5es de beleza<\/strong> melhoraram com a tecnologia. Acima de tudo, apostar na <strong>Telefonia na Nuvem<\/strong> trouxe melhora na produtividade dos colaboradores. Os n\u00fameros ent\u00e3o superaram 60% de aumento. Mais que isso, houve redu\u00e7\u00e3o de custos e o dobro de atendimentos para agendar novos clientes. Foi um sucesso de <strong>gest\u00e3o<\/strong>.<\/p>\n\n\n\n<h2 class=\"wp-block-heading\" id=\"h-televendas-f-cil-organizou-comunica-o-entre-sal-es-de-beleza-e-trouxe-maior-efici-ncia-gest-o\">Televendas F\u00e1cil organizou comunica\u00e7\u00e3o entre sal\u00f5es de beleza e trouxe maior efici\u00eancia \u00e0 gest\u00e3o<\/h2>\n\n\n\n<p class=\"has-text-align-center\"><strong><a href=\"https:\/\/vulcanet.com.br\/empresa-digital\/contato\/fale-conosco\/consultoria-gratuita-em-plataformas-de-comunicacao-e-atendimento\/\">&gt;&gt;&gt;CONSULTORIA GRATUITA EM PLATAFORMAS DE COMUNICA\u00c7\u00c3O E ATENDIMENTO PARA IMPULSIONAR AS VENDAS EM SUA EMPRESA&lt;&lt;&lt;<\/a><\/strong><\/p>\n\n\n\n<p>A <strong>plataforma<\/strong> <strong>de<\/strong> <strong>comunica\u00e7\u00e3o<\/strong> trouxe importantes conquistas, principalmente com a <strong>Telefonia na Nuvem<\/strong>. Isso porque a redu\u00e7\u00e3o de custos foi imediata. Marina usava bastante o telefone para se comunicar. Al\u00e9m disso, pagava \u00e0 parte uma outra ferramenta de <strong>gest\u00e3o<\/strong>. Os custos eram muito altos.<\/p>\n\n\n\n<p>Qual foi o jeito encontrado para reduzir esses gastos logo no primeiro momento? O <strong>Televendas F\u00e1cil<\/strong> dispensou o uso de telefones, uma megaestrutura, ou muitos equipamentos. Como funciona com base da <strong>Telefonia na Nuvem<\/strong>, a \u00fanica necessidade foi ter um bom acesso \u00e0 internet. Assim, p\u00f4de ter a m\u00e1xima performance.<\/p>\n\n\n\n<h3 class=\"wp-block-heading\">Melhoria na gest\u00e3o<\/h3>\n\n\n\n<p>O aumento no n\u00famero de <strong>sal\u00f5es de beleza<\/strong> demandou maior necessidade de <strong>gest\u00e3o<\/strong>. Desse modo, para ter maior controle e saber a situa\u00e7\u00e3o de cada caso, a <a href=\"https:\/\/vulcanet.com.br\/empresa-digital\/atendimento-ao-cliente\/crm-para-atendimento\/plataforma-de-comunicacao-e-atendimento-6-pontos-que-voce-deve-ficar-atento-antes-de-contratar-uma\/\"><strong>plataforma<\/strong> <strong>de<\/strong> <strong>comunica\u00e7\u00e3o<\/strong> ajudou muito<\/a>. Ela ent\u00e3o p\u00f4de descobrir o que estava de errado para arrumar, bem como aperfei\u00e7oar aquilo que j\u00e1 vinha dando certo.<\/p>\n\n\n\n<p>Isso se deu por meio de relat\u00f3rios personalizados. D\u00e1 para saber como est\u00e1 o desempenho de sua equipe. Isso estimulou \u00e0s colaboradoras dos sal\u00f5es e aumentou a produtividade. Portanto, a ferramenta teve a capacidade de melhorar a <strong>gest\u00e3o<\/strong> do empreendimento a fim de ter bons resultados.<\/p>\n\n\n\n<p>Com uma <strong>gest\u00e3o<\/strong> eficiente, os n\u00fameros tamb\u00e9m foram melhores. As clientes aumentaram em todos os <strong>sal\u00f5es<\/strong> <strong>de<\/strong> <strong>beleza<\/strong>, tanto na matriz quanto nas filiais. Acima de tudo, aumentou tamb\u00e9m a satisfa\u00e7\u00e3o dessas pessoas. Com isso, Marina come\u00e7ou a colher frutos com o aux\u00edlio do <strong>Televendas F\u00e1cil<\/strong>.<\/p>\n\n\n\n<figure class=\"wp-block-embed aligncenter is-type-video is-provider-youtube wp-block-embed-youtube wp-embed-aspect-16-9 wp-has-aspect-ratio\"><div class=\"wp-block-embed__wrapper\">\n<iframe title=\"Cases de Sucesso - Sal\u00f5es de Beleza. Como aprimorar a gest\u00e3o dos seus atendimentos.\" width=\"800\" height=\"450\" src=\"https:\/\/www.youtube.com\/embed\/E87p9_3oRz8?feature=oembed\" frameborder=\"0\" allow=\"accelerometer; autoplay; clipboard-write; encrypted-media; gyroscope; picture-in-picture\" allowfullscreen><\/iframe>\n<\/div><\/figure>\n\n\n\n<h3 class=\"wp-block-heading\"> Tudo muito simples e f\u00e1cil<\/h3>\n\n\n\n<p>A instala\u00e7\u00e3o da <strong>plataforma<\/strong> <strong>de<\/strong> <strong>comunica\u00e7\u00e3o<\/strong> se d\u00e1 de modo simples e f\u00e1cil. Assim, n\u00e3o precisa ficar dias esperando at\u00e9 tudo esteja pronto. Tamb\u00e9m n\u00e3o tem necessidade de treinar os colaboradores ou ent\u00e3o os gestores perderem tempo de trabalho para aprender mais sobre a ferramenta.<\/p>\n\n\n\n<p>Como a plataforma funciona a partir da <strong>Telefonia na Nuvem<\/strong>, tudo fica muito mais simples. Somente a necessidade da internet j\u00e1 <a href=\"https:\/\/televendasfacil.com.br\/?utm_source=blog&amp;utm_medium=referral&amp;utm_campaign=gestao-empresarial&amp;utm_term=plataformas-de-comunicacao-e-atendimento&amp;utm_content=cta-texto\" target=\"_blank\" rel=\"noopener\">basta para ter sucesso com o <strong>Televendas F\u00e1cil<\/strong><\/a>. At\u00e9 mesmo o suporte para qualquer tipo de problema \u00e9 mais r\u00e1pido que outras tecnologias do tipo.<\/p>\n\n\n\n<p>Marina enfrentou uma situa\u00e7\u00e3o semelhante. Houve dificuldade na emiss\u00e3o do relat\u00f3rio ao fim do m\u00eas. A empreendedora queria saber como estava o desempenho dos <strong>sal\u00f5es de beleza<\/strong> nos outros munic\u00edpios. Desse modo, poderia facilitar o alinhamento de novas a\u00e7\u00f5es com todo o time.<\/p>\n\n\n\n<p>Entretanto, ela rapidamente acionou o suporte do <strong>Televendas<\/strong> <strong>F\u00e1cil<\/strong>. A quest\u00e3o foi resolvida sem demora. A mulher baixou os relat\u00f3rios e soube sobre o desempenho. Isso permitiu ent\u00e3o promover mudan\u00e7as na forma de agendamento para as clientes que buscavam procedimentos para o corpo.<\/p>\n\n\n\n<h3 class=\"wp-block-heading\">CRM para os colaboradores<\/h3>\n\n\n\n<p>Um <a href=\"https:\/\/vulcanet.com.br\/empresa-digital\/vendas\/crm\/crm-como-a-ferramenta-pode-trazer-beneficios-para-sua-empresa\/\">CRM (Customer Relationship Management) \u00e9 fundamental<\/a> para <strong>gest\u00e3o<\/strong> de relacionamento com cliente. Em <strong>sal\u00f5es<\/strong> <strong>de<\/strong> <strong>beleza<\/strong>, ele tamb\u00e9m pode ser muito importante. Tudo depende do modo como usar em sua estrat\u00e9gia. Afinal, d\u00e1 para reunir todas as informa\u00e7\u00f5es sobre seu cliente em um s\u00f3 lugar.<\/p>\n\n\n\n<p class=\"has-text-align-center\"><strong><a href=\"https:\/\/televendasfacil.com.br\/?utm_source=blog&amp;utm_medium=referral&amp;utm_campaign=gestao-empresarial&amp;utm_term=plataformas-de-comunicacao-e-atendimento&amp;utm_content=cta-texto\" target=\"_blank\" rel=\"noopener\">&gt;&gt;&gt;TORNE A GEST\u00c3O MUITO MAIS EFICIENTE E PROFISSIONAL! CONTRATE AGORA MESMO A PLATAFORMA QUE VAI MUDAR SUA EMPRESA&lt;&lt;&lt;<\/a><\/strong><\/p>\n\n\n\n<p>Foi justamente o que Marina fez para melhorar o atendimento ao cliente. Com base nos agendamentos feitos quanto a cabeleireiro, \u00e0 manicure e procedimentos est\u00e9ticos, conseguiu oferecer novas oportunidades. Acima de tudo, aumentou a satisfa\u00e7\u00e3o dos clientes e garantiu a fideliza\u00e7\u00e3o.<\/p>\n\n\n\n<p>Desse modo, a dona dos <strong>sal\u00f5es<\/strong> <strong>de<\/strong> <strong>beleza<\/strong> p\u00f4de colher os frutos com a tecnologia baseada em <strong>Telefonia na Nuvem<\/strong>. O <strong>Televendas<\/strong> <strong>F\u00e1cil<\/strong> trouxe inova\u00e7\u00e3o, simplicidade e mudou a rotina dos profissionais. Conseguiu assim impulsionar os resultados, melhorar o atendimento ao cliente e tornar a <strong>gest\u00e3o<\/strong> muito mais eficiente.<\/p>\n\n\n\n<h2 class=\"wp-block-heading\">Contrate o Televendas F\u00e1cil<\/h2>\n\n\n\n<p>Portanto, voc\u00ea soube na pr\u00e1tica como o <strong>Televendas<\/strong> <strong>F\u00e1cil<\/strong> funciona. Assim, ele pode te ajudar a ter uma <strong>gest\u00e3o<\/strong> mais eficiente, melhorar o atendimento ao cliente e trazer resultados concretos. Para contratar a ferramenta \u00e9 muito simples, sem complica\u00e7\u00e3o e r\u00e1pido. Siga os passos abaixo.<\/p><div class=\"vulca-texto-grupo-facebook\" id=\"vulca-1411571672\"><a href=\"https:\/\/www.facebook.com\/groups\/blog.empresa.digital\/?utm_source=blog&utm_medium=referral&utm_campaign=grupo-facebook&utm_content=cta-texto\"><div style=\"background: #EEEEEE; color: #262626; font-family:'Inter', sans-serif; font-size: 20px; margin-top: 40px; margin-bottom: 40px; border-radius: 16px; padding-top: 40px; padding-bottom: 40px; padding-right: 20px; padding-left: 20px; text-align: center;\">\r\n\t<p><b>Troque experi\u00eancias, aprendizados e receba conte\u00fados gratuitos<\/b> para ajudar seu neg\u00f3cio! Entre para um seleto grupo de empreendedores de todo Brasil!<\/p>\r\n\t<button style=\"padding-left: 20px; padding-right: 20px; padding-top: 10px; padding-bottom: 10px; border-radius: 6px; font-family:'Inter', sans-serif; color: #FFFFFF; border: none; font-size: 16px; font-weight: 600\">\r\n\t\tFazer parte do grupo!\r\n\t<\/button>\r\n<\/div><\/a><\/div>\n\n\n\n<ol class=\"wp-block-list\"><li>Acesse o site do produto &#8211; <strong><span style=\"text-decoration: underline;\"><a href=\"https:\/\/televendasfacil.com.br\/?utm_source=blog&amp;utm_medium=referral&amp;utm_campaign=gestao-empresarial&amp;utm_term=plataformas-de-comunicacao-e-atendimento&amp;utm_content=cta-texto\" target=\"_blank\" rel=\"noopener\">AQUI<\/a><\/span><\/strong>.<\/li><li>V\u00e1 na aba &#8220;contratar agora&#8221;<\/li><li>Preencha os dados pedidos<\/li><li>Aguarde nosso contato<\/li><\/ol>\n\n\n\n<p>Tudo muito f\u00e1cil! Desse modo, voc\u00ea pode ter a <strong>Telefonia na Nuvem<\/strong> em seu neg\u00f3cio. Portanto, vale para qualquer segmento e d\u00e1 para perceber a mudan\u00e7a nos resultados logo de cara. <a href=\"https:\/\/televendasfacil.com.br\/?utm_source=blog&amp;utm_medium=referral&amp;utm_campaign=gestao-empresarial&amp;utm_term=plataformas-de-comunicacao-e-atendimento&amp;utm_content=cta-texto\" target=\"_blank\" rel=\"noopener\">N\u00e3o perca tempo<\/a>!<\/p>\n","protected":false},"excerpt":{"rendered":"<p>Se preferir, ou\u00e7a o case de sucesso do Televendas F\u00e1cil em sal\u00f5es de beleza \u00c9 muito importante entender que o Televendas F\u00e1cil n\u00e3o precisa ser usado apenas em call center ou televendas. Ele \u00e9 uma ferramenta capaz de ajudar em diferentes segmentos. Uma das clientes do produto mostra isso, pois precisou de uma plataforma de [&hellip;]<\/p>\n","protected":false},"author":5,"featured_media":66102,"comment_status":"closed","ping_status":"closed","sticky":false,"template":"","format":"standard","meta":{"footnotes":""},"categories":[563],"tags":[354,227,414,307,842,235,428,474,478,322,586,226,21,290,233,222],"class_list":["post-66099","post","type-post","status-publish","format-standard","has-post-thumbnail","hentry","category-plataformas-de-comunicacao-e-atendimento","tag-atender-mais-clientes","tag-atendimento","tag-atendimento-ao-consumidor","tag-atendimento-de-qualidade","tag-case-de-sucesso","tag-gestao-empresarial","tag-plataforma-de-atendimento","tag-plataforma-de-comunicacao-e-atendimento","tag-plataforma-de-gestao-de-relacionamento-com-clientes","tag-plataforma-de-telefonia","tag-saas","tag-sistema-de-atendimento","tag-telefonia","tag-telefonia-digital","tag-telefonia-na-nuvem","tag-vendas"],"_links":{"self":[{"href":"https:\/\/vulcanet.com.br\/empresa-digital\/wp-json\/wp\/v2\/posts\/66099","targetHints":{"allow":["GET"]}}],"collection":[{"href":"https:\/\/vulcanet.com.br\/empresa-digital\/wp-json\/wp\/v2\/posts"}],"about":[{"href":"https:\/\/vulcanet.com.br\/empresa-digital\/wp-json\/wp\/v2\/types\/post"}],"author":[{"embeddable":true,"href":"https:\/\/vulcanet.com.br\/empresa-digital\/wp-json\/wp\/v2\/users\/5"}],"replies":[{"embeddable":true,"href":"https:\/\/vulcanet.com.br\/empresa-digital\/wp-json\/wp\/v2\/comments?post=66099"}],"version-history":[{"count":5,"href":"https:\/\/vulcanet.com.br\/empresa-digital\/wp-json\/wp\/v2\/posts\/66099\/revisions"}],"predecessor-version":[{"id":68696,"href":"https:\/\/vulcanet.com.br\/empresa-digital\/wp-json\/wp\/v2\/posts\/66099\/revisions\/68696"}],"wp:featuredmedia":[{"embeddable":true,"href":"https:\/\/vulcanet.com.br\/empresa-digital\/wp-json\/wp\/v2\/media\/66102"}],"wp:attachment":[{"href":"https:\/\/vulcanet.com.br\/empresa-digital\/wp-json\/wp\/v2\/media?parent=66099"}],"wp:term":[{"taxonomy":"category","embeddable":true,"href":"https:\/\/vulcanet.com.br\/empresa-digital\/wp-json\/wp\/v2\/categories?post=66099"},{"taxonomy":"post_tag","embeddable":true,"href":"https:\/\/vulcanet.com.br\/empresa-digital\/wp-json\/wp\/v2\/tags?post=66099"}],"curies":[{"name":"wp","href":"https:\/\/api.w.org\/{rel}","templated":true}]}}