{"id":60838,"date":"2018-10-26T11:34:02","date_gmt":"2018-10-26T17:34:02","guid":{"rendered":"https:\/\/vulcanet.com.br\/?p=59851"},"modified":"2021-12-14T11:04:59","modified_gmt":"2021-12-14T14:04:59","slug":"telefonia-6-dicas-de-reducao-de-custos-para-o-seu-negocio","status":"publish","type":"post","link":"https:\/\/vulcanet.com.br\/empresa-digital\/gestao-empresarial\/reducao-de-custos\/telefonia-6-dicas-de-reducao-de-custos-para-o-seu-negocio\/","title":{"rendered":"Telefonia: 6 dicas de redu\u00e7\u00e3o de custos para o seu neg\u00f3cio"},"content":{"rendered":"\n<p>O uso da <strong>telefonia<\/strong> ainda \u00e9 um recurso de extrema import\u00e2ncia dentro das empresas. Entretanto, as suas faturas s\u00e3o um grande contratempo.<\/p>\n\n\n\n<p>No entanto, as chamadas apresentam uma forma bastante din\u00e2mica de se comunicar no ambiente intraempresarial e externo. Por isso, os custos com <strong>telefonia<\/strong> n\u00e3o devem se tornar um impasse para quem deseja continuar oferecendo esse servi\u00e7o ou implement\u00e1-lo no seu neg\u00f3cio.<\/p>\n\n\n\n<p><a href=\"https:\/\/televendasfacil.com.br\/?utm_source=blog&amp;utm_medium=referral&amp;utm_campaign=gestao-empresarial&amp;utm_term=reducao-de-custos&amp;utm_content=cta-texto\" target=\"_blank\" rel=\"noopener\">Investir em estrat\u00e9gias de gerenciamento \u00e9 a chave para <strong>redu\u00e7\u00e3o de custos<\/strong> com <strong>telefonia<\/strong><\/a>. Ent\u00e3o, se voc\u00ea pretende continuar usufruindo das vantagens do servi\u00e7o telef\u00f4nico sem grandes gastos, confira j\u00e1 nossas dicas. Elas v\u00e3o te ajudar a ter uma \u00f3tima <strong>gest\u00e3o empresarial<\/strong>, assim como pensar na<strong> telefonia na nuvem<\/strong>.<\/p>\n\n\n\n<h2 class=\"wp-block-heading\" id=\"h-telefonia-6-dicas-de-redu-o-de-custos-para-o-seu-neg-cio\">Telefonia: 6 dicas de redu\u00e7\u00e3o de custos para o seu neg\u00f3cio<\/h2>\n\n\n\n<h3 class=\"wp-block-heading\" id=\"h-1-ter-uma-equipe-treinada-para-telefonia\">1.Ter&nbsp;uma equipe treinada para telefonia<\/h3>\n\n\n\n<p>Para colocar em pr\u00e1tica qualquer plano, \u00e9 necess\u00e1rio que todos os envolvidos estejam bem instru\u00eddos de quais s\u00e3o os problemas e qual a melhor forma de resolu\u00e7\u00e3o. Ent\u00e3o, \u00e9 ideal que se fa\u00e7am discuss\u00f5es com todos os funcion\u00e1rios a respeito da necessidade de mudan\u00e7a e o que essa nova situa\u00e7\u00e3o vai alterar no trabalho de cada um.<\/p>\n\n\n\n<p>Em mudan\u00e7as assim, \u00e9 comum ocorrer desentendimentos, o que pode ser prejudicial dentro de uma empresa. Para evitar esse tipo de situa\u00e7\u00e3o, \u00e9 importante deixar claro como voc\u00ea quer que&nbsp;funcionem as altera\u00e7\u00f5es e entrar em acordo com o operador.<\/p>\n\n\n\n<p>Para que haja sucesso nos resultados, <a href=\"https:\/\/televendasfacil.com.br\/?utm_source=blog&amp;utm_medium=referral&amp;utm_campaign=gestao-empresarial&amp;utm_term=reducao-de-custos&amp;utm_content=cta-texto\" target=\"_blank\" rel=\"noopener\">\u00e9 preciso total harmonia durante os processos de <strong>gest\u00e3o empresarial<\/strong>, principalmente ao mudar para a <strong>telefonia digital<\/strong><\/a>.<\/p>\n\n\n\n<h3 class=\"wp-block-heading\" id=\"h-2-analisar-faturas-de-telefonia\">2. Analisar&nbsp;faturas de telefonia<\/h3>\n\n\n\n<p>Analisar os dados \u00e9 muito importante para que seja poss\u00edvel controlar os valores de cada liga\u00e7\u00e3o e descobrir, a partir disso:<\/p>\n\n\n\n<ul class=\"wp-block-list\"><li>Quais delas&nbsp;s\u00e3o de maior custo.<\/li><li>Poss\u00edveis erros durante as chamadas.<\/li><li>Demais situa\u00e7\u00f5es que geram gastos desnecess\u00e1rios.<\/li><\/ul>\n\n\n\n<p>Esse tipo de an\u00e1lise deve ser feita cotidianamente para que seja poss\u00edvel comparar os resultados e identificar os problemas. Desse modo, se torna mais f\u00e1cil n\u00e3o perder o controle dos gastos nas liga\u00e7\u00f5es, bem como a <strong>redu\u00e7\u00e3o de custos<\/strong> por meio de um sistema de <strong>telefonia na nuvem<\/strong>.<\/p>\n\n\n\n<h3 class=\"wp-block-heading\" id=\"h-3-aperfei-oar-os-processos-internos\">3. Aperfei\u00e7oar os processos internos<\/h3>\n\n\n\n<p>Para atingir os resultados esperados, \u00e9 importante&nbsp;conhecer os pontos&nbsp;que podem estar retardando o andamento dos neg\u00f3cios. O aperfei\u00e7oamento das ferramentas&nbsp;internas&nbsp;de trabalho podem ser a chave para aumentar a produtividade das m\u00e1quinas e ser um est\u00edmulo ent\u00e3o  para os funcion\u00e1rios.<\/p>\n\n\n\n<p>\u00c9 poss\u00edvel integrar plataformas ou atualizar sistemas que v\u00e3o melhorar o andamento dos seus servi\u00e7os. Assim, erros e falhas funcionais ou operacionais podem se tornar menos frequentes.<\/p>\n\n\n\n<h3 class=\"wp-block-heading\" id=\"h-4-contratar-um-servi-o-de-comunica-o-unificada\">4. Contratar um servi\u00e7o de comunica\u00e7\u00e3o unificada<\/h3>\n\n\n\n<p>Investir em um servi\u00e7o de comunica\u00e7\u00e3o unificada \u00e9 essencial na melhoria do gerenciamento, assim como no bom funcionamento das suas ferramentas de trabalho.<\/p>\n\n\n\n<figure class=\"wp-block-embed aligncenter is-type-video is-provider-youtube wp-block-embed-youtube wp-embed-aspect-16-9 wp-has-aspect-ratio\"><div class=\"wp-block-embed__wrapper\">\n<iframe title=\"pe\u00e7aZap - A solu\u00e7\u00e3o PERFEITA para atender mais clientes\" width=\"800\" height=\"450\" src=\"https:\/\/www.youtube.com\/embed\/F7V61FejXKU?feature=oembed\" frameborder=\"0\" allow=\"accelerometer; autoplay; clipboard-write; encrypted-media; gyroscope; picture-in-picture\" allowfullscreen><\/iframe>\n<\/div><\/figure>\n\n\n\n<p><a href=\"https:\/\/televendasfacil.com.br\/?utm_source=blog&amp;utm_medium=referral&amp;utm_campaign=gestao-empresarial&amp;utm_term=reducao-de-custos&amp;utm_content=cta-texto\" target=\"_blank\" rel=\"noopener\">Com essa solu\u00e7\u00e3o, portanto, d\u00e1 para conciliar em apenas uma plataforma servi\u00e7os de <strong>telefonia<\/strong>, chamadas de v\u00eddeo e mensagens de texto<\/a>. Em apenas um espa\u00e7o, voc\u00ea consegue:<\/p>\n\n\n\n<ul class=\"wp-block-list\"><li>reduzir o custo fixo com <strong>telefonia<\/strong>;<\/li><li>integrar matriz e filiais;<\/li><li>acompanhar a tarifa\u00e7\u00e3o em tempo real do neg\u00f3cio;<\/li><li>se escolher um bom servidor, voc\u00ea consegue todos esses recursos 24 horas por dia.<\/li><\/ul>\n\n\n\n<p>O objetivo de quem oferece&nbsp;esse servi\u00e7o \u00e9 sempre otimizar seus recursos financeiros, agilizar a tomada de decis\u00f5es, adicionar valor a seus neg\u00f3cios. Desse modo tornar sua <strong>gest\u00e3o empresarial<\/strong> mais eficiente. Resultados que tornam a integra\u00e7\u00e3o desse servi\u00e7o assim um diferencial positivo com a <strong>telefonia digital<\/strong>.<\/p>\n\n\n\n<h3 class=\"wp-block-heading\" id=\"h-5-utilizar-o-sistema-pabx\">5. Utilizar o sistema PABX<\/h3>\n\n\n\n<p>\u00c9 uma das solu\u00e7\u00f5es mais importantes e funcionais dentro de uma empresa que faz uso da <strong>telefonia<\/strong>. Seu objetivo portanto \u00e9 conectar os telefones internos, o que facilita a comunica\u00e7\u00e3o entre funcion\u00e1rios.<\/p>\n\n\n\n<p><a href=\"https:\/\/vulcanet.com.br\/empresa-digital\/telefonia-na-nuvem\/pabx\/como-reduzir-custo-com-a-manutencao-de-pabx\/\">O PABX funciona ent\u00e3o como uma central de telefones dentro de uma rede corporativa<\/a>. Uma fun\u00e7\u00e3o interessante desse sistema \u00e9 que ele pode substituir os servi\u00e7os de operadoras de telefone para a comunica\u00e7\u00e3o no meio organizacional.<\/p>\n\n\n\n<p>Hoje, \u00e9 poss\u00edvel contratar diferentes tipos de servi\u00e7o PABX. Descubra o que melhor se adapta \u00e0s suas necessidades, para&nbsp;ent\u00e3o usufruir de todas suas vantagens por meio da <strong>gest\u00e3o empresarial<\/strong> com a <strong>telefonia digital<\/strong>.<\/p>\n\n\n\n<p class=\"has-text-align-center\"><strong><a href=\"https:\/\/televendasfacil.com.br\/?utm_source=blog&amp;utm_medium=referral&amp;utm_campaign=gestao-empresarial&amp;utm_term=reducao-de-custos&amp;utm_content=cta-texto\" target=\"_blank\" rel=\"noopener\">&gt;&gt;&gt;ADOTE UM SISTEMA DE TELEFONIA NA NUVEM E TENHA ASSIM REDU\u00c7\u00c3O DE GASTOS NA EMPRESA COM UMA GEST\u00c3O FOCADA EM RESULTADOS&lt;&lt;&lt;<\/a><\/strong><\/p>\n\n\n\n<h3 class=\"wp-block-heading\" id=\"h-6-descentralizar-os-gastos\">6. Descentralizar os gastos<\/h3>\n\n\n\n<p>Em grandes e m\u00e9dias empresas, \u00e9 comum a presen\u00e7a de diversos setores. Portanto distribuir os pontos de atendimento entre os setores e descentralizar a fatura faz com que os gastos sejam analisados e controlados de forma mais f\u00e1cil.<\/p><div class=\"vulca-texto-grupo-facebook\" id=\"vulca-2575989408\"><a href=\"https:\/\/www.facebook.com\/groups\/blog.empresa.digital\/?utm_source=blog&utm_medium=referral&utm_campaign=grupo-facebook&utm_content=cta-texto\"><div style=\"background: #EEEEEE; color: #262626; font-family:'Inter', sans-serif; font-size: 20px; margin-top: 40px; margin-bottom: 40px; border-radius: 16px; padding-top: 40px; padding-bottom: 40px; padding-right: 20px; padding-left: 20px; text-align: center;\">\r\n\t<p><b>Troque experi\u00eancias, aprendizados e receba conte\u00fados gratuitos<\/b> para ajudar seu neg\u00f3cio! Entre para um seleto grupo de empreendedores de todo Brasil!<\/p>\r\n\t<button style=\"padding-left: 20px; padding-right: 20px; padding-top: 10px; padding-bottom: 10px; border-radius: 6px; font-family:'Inter', sans-serif; color: #FFFFFF; border: none; font-size: 16px; font-weight: 600\">\r\n\t\tFazer parte do grupo!\r\n\t<\/button>\r\n<\/div><\/a><\/div>\n\n\n\n<p>S\u00e3o muitas as estrat\u00e9gias para reduzir as despesas com a <strong>telefonia<\/strong> e, se bem aplicadas, os resultados s\u00e3o efetivados de forma r\u00e1pida e eficaz. Portanto, basta analisar e decidir qual dica se encaixa melhor no andamento da sua empresa. Nesse momento, \u00e9 importante contar com a ajuda de profissionais para que haja&nbsp;bons resultados.<\/p>\n","protected":false},"excerpt":{"rendered":"<p>O uso da telefonia ainda \u00e9 um recurso de extrema import\u00e2ncia dentro das empresas. Entretanto, as suas faturas s\u00e3o um grande contratempo. No entanto, as chamadas apresentam uma forma bastante din\u00e2mica de se comunicar no ambiente intraempresarial e externo. Por isso, os custos com telefonia n\u00e3o devem se tornar um impasse para quem deseja continuar [&hellip;]<\/p>\n","protected":false},"author":5,"featured_media":61892,"comment_status":"open","ping_status":"open","sticky":false,"template":"","format":"standard","meta":{"footnotes":""},"categories":[560],"tags":[257,35,586,21,290,293,233],"class_list":["post-60838","post","type-post","status-publish","format-standard","has-post-thumbnail","hentry","category-reducao-de-custos","tag-reducao-de-custos","tag-reduzir-custos-com-telefone","tag-saas","tag-telefonia","tag-telefonia-digital","tag-telefonia-ip","tag-telefonia-na-nuvem"],"_links":{"self":[{"href":"https:\/\/vulcanet.com.br\/empresa-digital\/wp-json\/wp\/v2\/posts\/60838","targetHints":{"allow":["GET"]}}],"collection":[{"href":"https:\/\/vulcanet.com.br\/empresa-digital\/wp-json\/wp\/v2\/posts"}],"about":[{"href":"https:\/\/vulcanet.com.br\/empresa-digital\/wp-json\/wp\/v2\/types\/post"}],"author":[{"embeddable":true,"href":"https:\/\/vulcanet.com.br\/empresa-digital\/wp-json\/wp\/v2\/users\/5"}],"replies":[{"embeddable":true,"href":"https:\/\/vulcanet.com.br\/empresa-digital\/wp-json\/wp\/v2\/comments?post=60838"}],"version-history":[{"count":5,"href":"https:\/\/vulcanet.com.br\/empresa-digital\/wp-json\/wp\/v2\/posts\/60838\/revisions"}],"predecessor-version":[{"id":68160,"href":"https:\/\/vulcanet.com.br\/empresa-digital\/wp-json\/wp\/v2\/posts\/60838\/revisions\/68160"}],"wp:featuredmedia":[{"embeddable":true,"href":"https:\/\/vulcanet.com.br\/empresa-digital\/wp-json\/wp\/v2\/media\/61892"}],"wp:attachment":[{"href":"https:\/\/vulcanet.com.br\/empresa-digital\/wp-json\/wp\/v2\/media?parent=60838"}],"wp:term":[{"taxonomy":"category","embeddable":true,"href":"https:\/\/vulcanet.com.br\/empresa-digital\/wp-json\/wp\/v2\/categories?post=60838"},{"taxonomy":"post_tag","embeddable":true,"href":"https:\/\/vulcanet.com.br\/empresa-digital\/wp-json\/wp\/v2\/tags?post=60838"}],"curies":[{"name":"wp","href":"https:\/\/api.w.org\/{rel}","templated":true}]}}